{"id":1737,"date":"2025-02-14T16:04:35","date_gmt":"2025-02-14T15:04:35","guid":{"rendered":"https:\/\/saunaboat-geneve.ch\/ca-y-est-le-premier-sauna-bateau-sur-le-lac-leman\/"},"modified":"2025-10-18T17:44:26","modified_gmt":"2025-10-18T15:44:26","slug":"ca-y-est-le-premier-sauna-bateau-sur-le-lac-leman","status":"publish","type":"post","link":"https:\/\/saunaboat-geneve.ch\/fr\/ca-y-est-le-premier-sauna-bateau-sur-le-lac-leman\/","title":{"rendered":"\u00c7a y est ! Le premier sauna-bateau sur le lac L\u00e9man."},"content":{"rendered":"<div class=\"fusion-fullwidth fullwidth-box fusion-builder-row-1 fusion-flex-container nonhundred-percent-fullwidth non-hundred-percent-height-scrolling\" style=\"--awb-border-radius-top-left:0px;--awb-border-radius-top-right:0px;--awb-border-radius-bottom-right:0px;--awb-border-radius-bottom-left:0px;--awb-flex-wrap:wrap;\" ><div class=\"fusion-builder-row fusion-row fusion-flex-align-items-flex-start fusion-flex-content-wrap\" style=\"max-width:1248px;margin-left: calc(-4% \/ 2 );margin-right: calc(-4% \/ 2 );\"><div class=\"fusion-layout-column fusion_builder_column fusion-builder-column-0 fusion_builder_column_1_1 1_1 fusion-flex-column\" style=\"--awb-bg-size:cover;--awb-width-large:100%;--awb-margin-top-large:0px;--awb-spacing-right-large:1.92%;--awb-margin-bottom-large:0px;--awb-spacing-left-large:1.92%;--awb-width-medium:100%;--awb-spacing-right-medium:1.92%;--awb-spacing-left-medium:1.92%;--awb-width-small:100%;--awb-spacing-right-small:1.92%;--awb-spacing-left-small:1.92%;\"><div class=\"fusion-column-wrapper fusion-flex-justify-content-flex-start fusion-content-layout-column\"><div class=\"fusion-text fusion-text-1\"><p>Actuellement en phase de test : l\u2019un des c\u00e9l\u00e8bres sauna-bateaux de Saunaboot GmbH.<\/p>\n<p>Cette exp\u00e9rience unique est r\u00e9servable en ligne <a href=\"https:\/\/saunaboat-geneve.ch\/fr\/produit\/bateau-sauna\/\">d\u00e8s<\/a> maintenant et jusqu\u2019\u00e0 la mi-mars 2025.<\/p>\n<p>Pr\u00e9parez-vous \u00e0 vivre des instants inoubliables \u2013 que ce soit en couple, entre amis, en famille ou avec des coll\u00e8gues. En plein milieu du lac, vous pourrez d\u00e9connecter, vous d\u00e9tendre dans la chaleur du sauna, puis vous rafra\u00eechir dans les eaux cristallines du lac L\u00e9man. <\/p>\n<p>Important : Apr\u00e8s la s\u00e9ance de sauna, il est essentiel de se rafra\u00eechir d\u2019abord avec la louche d\u2019eau de pluie (disponible \u00e0 bord) ou \u00e0 l\u2019air libre avant de plonger dans le lac. C\u2019est la cl\u00e9 d\u2019une exp\u00e9rience sauna parfaite !<\/p>\n<p>Pour la prochaine saison (de septembre 2025 \u00e0 mai 2026), nous vous tiendrons inform\u00e9s d\u00e8s que nous en saurons plus. Nous esp\u00e9rons toutefois pouvoir vous proposer \u00e0 nouveau ce moment exceptionnel sur le lac L\u00e9man la saison prochaine !<\/p>\n<\/div><\/div><\/div><\/div><\/div>\n","protected":false},"excerpt":{"rendered":"","protected":false},"author":1,"featured_media":1310,"comment_status":"closed","ping_status":"closed","sticky":false,"template":"","format":"standard","meta":{"_acf_changed":false,"footnotes":""},"categories":[55],"tags":[],"class_list":["post-1737","post","type-post","status-publish","format-standard","has-post-thumbnail","hentry","category-non-classifiee"],"acf":[],"yoast_head":"<!-- This site is optimized with the Yoast SEO plugin v27.4 - https:\/\/yoast.com\/product\/yoast-seo-wordpress\/ -->\n<title>\u00c7a y est ! Le premier sauna-bateau sur le lac L\u00e9man. - Saunaboats Geneve<\/title>\n<meta name=\"robots\" content=\"index, follow, max-snippet:-1, max-image-preview:large, max-video-preview:-1\" \/>\n<link rel=\"canonical\" href=\"https:\/\/saunaboat-geneve.ch\/fr\/ca-y-est-le-premier-sauna-bateau-sur-le-lac-leman\/\" \/>\n<meta property=\"og:locale\" content=\"fr_FR\" \/>\n<meta property=\"og:type\" content=\"article\" \/>\n<meta property=\"og:title\" content=\"\u00c7a y est ! Le premier sauna-bateau sur le lac L\u00e9man. - Saunaboats Geneve\" \/>\n<meta property=\"og:url\" content=\"https:\/\/saunaboat-geneve.ch\/fr\/ca-y-est-le-premier-sauna-bateau-sur-le-lac-leman\/\" \/>\n<meta property=\"og:site_name\" content=\"Saunaboats Geneve\" \/>\n<meta property=\"article:published_time\" content=\"2025-02-14T15:04:35+00:00\" \/>\n<meta property=\"article:modified_time\" content=\"2025-10-18T15:44:26+00:00\" \/>\n<meta property=\"og:image\" content=\"https:\/\/saunaboat-geneve.ch\/wp-content\/uploads\/sites\/4\/2025\/01\/ueber-uns.jpg\" \/>\n\t<meta property=\"og:image:width\" content=\"1707\" \/>\n\t<meta property=\"og:image:height\" content=\"2560\" \/>\n\t<meta property=\"og:image:type\" content=\"image\/jpeg\" \/>\n<meta name=\"author\" content=\"p1xel\" \/>\n<meta name=\"twitter:card\" content=\"summary_large_image\" \/>\n<meta name=\"twitter:label1\" content=\"\u00c9crit par\" \/>\n\t<meta name=\"twitter:data1\" content=\"p1xel\" \/>\n\t<meta name=\"twitter:label2\" content=\"Dur\u00e9e de lecture estim\u00e9e\" \/>\n\t<meta name=\"twitter:data2\" content=\"2 minutes\" \/>\n<script type=\"application\/ld+json\" class=\"yoast-schema-graph\">{\"@context\":\"https:\\\/\\\/schema.org\",\"@graph\":[{\"@type\":\"Article\",\"@id\":\"https:\\\/\\\/saunaboat-geneve.ch\\\/fr\\\/ca-y-est-le-premier-sauna-bateau-sur-le-lac-leman\\\/#article\",\"isPartOf\":{\"@id\":\"https:\\\/\\\/saunaboat-geneve.ch\\\/fr\\\/ca-y-est-le-premier-sauna-bateau-sur-le-lac-leman\\\/\"},\"author\":{\"name\":\"p1xel\",\"@id\":\"https:\\\/\\\/saunaboat-geneve.ch\\\/fr\\\/#\\\/schema\\\/person\\\/4ecce85396ee02f43d5a2b28fb4f9094\"},\"headline\":\"\u00c7a y est ! Le premier sauna-bateau sur le lac L\u00e9man.\",\"datePublished\":\"2025-02-14T15:04:35+00:00\",\"dateModified\":\"2025-10-18T15:44:26+00:00\",\"mainEntityOfPage\":{\"@id\":\"https:\\\/\\\/saunaboat-geneve.ch\\\/fr\\\/ca-y-est-le-premier-sauna-bateau-sur-le-lac-leman\\\/\"},\"wordCount\":348,\"publisher\":{\"@id\":\"https:\\\/\\\/saunaboat-geneve.ch\\\/fr\\\/#organization\"},\"image\":{\"@id\":\"https:\\\/\\\/saunaboat-geneve.ch\\\/fr\\\/ca-y-est-le-premier-sauna-bateau-sur-le-lac-leman\\\/#primaryimage\"},\"thumbnailUrl\":\"https:\\\/\\\/saunaboat-geneve.ch\\\/wp-content\\\/uploads\\\/sites\\\/4\\\/2025\\\/01\\\/ueber-uns.avif\",\"articleSection\":[\"Non classifi\u00e9(e)\"],\"inLanguage\":\"fr-FR\"},{\"@type\":\"WebPage\",\"@id\":\"https:\\\/\\\/saunaboat-geneve.ch\\\/fr\\\/ca-y-est-le-premier-sauna-bateau-sur-le-lac-leman\\\/\",\"url\":\"https:\\\/\\\/saunaboat-geneve.ch\\\/fr\\\/ca-y-est-le-premier-sauna-bateau-sur-le-lac-leman\\\/\",\"name\":\"\u00c7a y est ! Le premier sauna-bateau sur le lac L\u00e9man. - Saunaboats Geneve\",\"isPartOf\":{\"@id\":\"https:\\\/\\\/saunaboat-geneve.ch\\\/fr\\\/#website\"},\"primaryImageOfPage\":{\"@id\":\"https:\\\/\\\/saunaboat-geneve.ch\\\/fr\\\/ca-y-est-le-premier-sauna-bateau-sur-le-lac-leman\\\/#primaryimage\"},\"image\":{\"@id\":\"https:\\\/\\\/saunaboat-geneve.ch\\\/fr\\\/ca-y-est-le-premier-sauna-bateau-sur-le-lac-leman\\\/#primaryimage\"},\"thumbnailUrl\":\"https:\\\/\\\/saunaboat-geneve.ch\\\/wp-content\\\/uploads\\\/sites\\\/4\\\/2025\\\/01\\\/ueber-uns.avif\",\"datePublished\":\"2025-02-14T15:04:35+00:00\",\"dateModified\":\"2025-10-18T15:44:26+00:00\",\"breadcrumb\":{\"@id\":\"https:\\\/\\\/saunaboat-geneve.ch\\\/fr\\\/ca-y-est-le-premier-sauna-bateau-sur-le-lac-leman\\\/#breadcrumb\"},\"inLanguage\":\"fr-FR\",\"potentialAction\":[{\"@type\":\"ReadAction\",\"target\":[\"https:\\\/\\\/saunaboat-geneve.ch\\\/fr\\\/ca-y-est-le-premier-sauna-bateau-sur-le-lac-leman\\\/\"]}]},{\"@type\":\"ImageObject\",\"inLanguage\":\"fr-FR\",\"@id\":\"https:\\\/\\\/saunaboat-geneve.ch\\\/fr\\\/ca-y-est-le-premier-sauna-bateau-sur-le-lac-leman\\\/#primaryimage\",\"url\":\"https:\\\/\\\/saunaboat-geneve.ch\\\/wp-content\\\/uploads\\\/sites\\\/4\\\/2025\\\/01\\\/ueber-uns.avif\",\"contentUrl\":\"https:\\\/\\\/saunaboat-geneve.ch\\\/wp-content\\\/uploads\\\/sites\\\/4\\\/2025\\\/01\\\/ueber-uns.avif\",\"width\":1707,\"height\":2560},{\"@type\":\"BreadcrumbList\",\"@id\":\"https:\\\/\\\/saunaboat-geneve.ch\\\/fr\\\/ca-y-est-le-premier-sauna-bateau-sur-le-lac-leman\\\/#breadcrumb\",\"itemListElement\":[{\"@type\":\"ListItem\",\"position\":1,\"name\":\"Startseite\",\"item\":\"https:\\\/\\\/saunaboat-geneve.ch\\\/fr\\\/reserver\\\/\"},{\"@type\":\"ListItem\",\"position\":2,\"name\":\"\u00c7a y est ! Le premier sauna-bateau sur le lac L\u00e9man.\"}]},{\"@type\":\"WebSite\",\"@id\":\"https:\\\/\\\/saunaboat-geneve.ch\\\/fr\\\/#website\",\"url\":\"https:\\\/\\\/saunaboat-geneve.ch\\\/fr\\\/\",\"name\":\"Saunaboat Geneve\",\"description\":\"Bateau sauna sur le lac de Gen\u00e8ve\",\"publisher\":{\"@id\":\"https:\\\/\\\/saunaboat-geneve.ch\\\/fr\\\/#organization\"},\"potentialAction\":[{\"@type\":\"SearchAction\",\"target\":{\"@type\":\"EntryPoint\",\"urlTemplate\":\"https:\\\/\\\/saunaboat-geneve.ch\\\/fr\\\/?s={search_term_string}\"},\"query-input\":{\"@type\":\"PropertyValueSpecification\",\"valueRequired\":true,\"valueName\":\"search_term_string\"}}],\"inLanguage\":\"fr-FR\"},{\"@type\":\"Organization\",\"@id\":\"https:\\\/\\\/saunaboat-geneve.ch\\\/fr\\\/#organization\",\"name\":\"Saunaboat Geneve\",\"url\":\"https:\\\/\\\/saunaboat-geneve.ch\\\/fr\\\/\",\"logo\":{\"@type\":\"ImageObject\",\"inLanguage\":\"fr-FR\",\"@id\":\"https:\\\/\\\/saunaboat-geneve.ch\\\/fr\\\/#\\\/schema\\\/logo\\\/image\\\/\",\"url\":\"https:\\\/\\\/saunaboat-geneve.ch\\\/wp-content\\\/uploads\\\/sites\\\/4\\\/2025\\\/10\\\/SaunaBoatGeneve-Logo-Blue.svg\",\"contentUrl\":\"https:\\\/\\\/saunaboat-geneve.ch\\\/wp-content\\\/uploads\\\/sites\\\/4\\\/2025\\\/10\\\/SaunaBoatGeneve-Logo-Blue.svg\",\"width\":341,\"height\":305,\"caption\":\"Saunaboat Geneve\"},\"image\":{\"@id\":\"https:\\\/\\\/saunaboat-geneve.ch\\\/fr\\\/#\\\/schema\\\/logo\\\/image\\\/\"},\"sameAs\":[\"https:\\\/\\\/www.instagram.com\\\/saunaboatgeneve\\\/\"]},{\"@type\":\"Person\",\"@id\":\"https:\\\/\\\/saunaboat-geneve.ch\\\/fr\\\/#\\\/schema\\\/person\\\/4ecce85396ee02f43d5a2b28fb4f9094\",\"name\":\"p1xel\",\"image\":{\"@type\":\"ImageObject\",\"inLanguage\":\"fr-FR\",\"@id\":\"https:\\\/\\\/secure.gravatar.com\\\/avatar\\\/e2c797df5b933876508ff863a3e7ab94e5f5daa18be2f2bca567c6c9845d6150?s=96&d=mm&r=g\",\"url\":\"https:\\\/\\\/secure.gravatar.com\\\/avatar\\\/e2c797df5b933876508ff863a3e7ab94e5f5daa18be2f2bca567c6c9845d6150?s=96&d=mm&r=g\",\"contentUrl\":\"https:\\\/\\\/secure.gravatar.com\\\/avatar\\\/e2c797df5b933876508ff863a3e7ab94e5f5daa18be2f2bca567c6c9845d6150?s=96&d=mm&r=g\",\"caption\":\"p1xel\"},\"sameAs\":[\"https:\\\/\\\/network.saunaboot.ch\"]}]}<\/script>\n<!-- \/ Yoast SEO plugin. -->","yoast_head_json":{"title":"\u00c7a y est ! Le premier sauna-bateau sur le lac L\u00e9man. - Saunaboats Geneve","robots":{"index":"index","follow":"follow","max-snippet":"max-snippet:-1","max-image-preview":"max-image-preview:large","max-video-preview":"max-video-preview:-1"},"canonical":"https:\/\/saunaboat-geneve.ch\/fr\/ca-y-est-le-premier-sauna-bateau-sur-le-lac-leman\/","og_locale":"fr_FR","og_type":"article","og_title":"\u00c7a y est ! Le premier sauna-bateau sur le lac L\u00e9man. - Saunaboats Geneve","og_url":"https:\/\/saunaboat-geneve.ch\/fr\/ca-y-est-le-premier-sauna-bateau-sur-le-lac-leman\/","og_site_name":"Saunaboats Geneve","article_published_time":"2025-02-14T15:04:35+00:00","article_modified_time":"2025-10-18T15:44:26+00:00","og_image":[{"width":1707,"height":2560,"url":"https:\/\/saunaboat-geneve.ch\/wp-content\/uploads\/sites\/4\/2025\/01\/ueber-uns.jpg","type":"image\/jpeg"}],"author":"p1xel","twitter_card":"summary_large_image","twitter_misc":{"\u00c9crit par":"p1xel","Dur\u00e9e de lecture estim\u00e9e":"2 minutes"},"schema":{"@context":"https:\/\/schema.org","@graph":[{"@type":"Article","@id":"https:\/\/saunaboat-geneve.ch\/fr\/ca-y-est-le-premier-sauna-bateau-sur-le-lac-leman\/#article","isPartOf":{"@id":"https:\/\/saunaboat-geneve.ch\/fr\/ca-y-est-le-premier-sauna-bateau-sur-le-lac-leman\/"},"author":{"name":"p1xel","@id":"https:\/\/saunaboat-geneve.ch\/fr\/#\/schema\/person\/4ecce85396ee02f43d5a2b28fb4f9094"},"headline":"\u00c7a y est ! Le premier sauna-bateau sur le lac L\u00e9man.","datePublished":"2025-02-14T15:04:35+00:00","dateModified":"2025-10-18T15:44:26+00:00","mainEntityOfPage":{"@id":"https:\/\/saunaboat-geneve.ch\/fr\/ca-y-est-le-premier-sauna-bateau-sur-le-lac-leman\/"},"wordCount":348,"publisher":{"@id":"https:\/\/saunaboat-geneve.ch\/fr\/#organization"},"image":{"@id":"https:\/\/saunaboat-geneve.ch\/fr\/ca-y-est-le-premier-sauna-bateau-sur-le-lac-leman\/#primaryimage"},"thumbnailUrl":"https:\/\/saunaboat-geneve.ch\/wp-content\/uploads\/sites\/4\/2025\/01\/ueber-uns.avif","articleSection":["Non classifi\u00e9(e)"],"inLanguage":"fr-FR"},{"@type":"WebPage","@id":"https:\/\/saunaboat-geneve.ch\/fr\/ca-y-est-le-premier-sauna-bateau-sur-le-lac-leman\/","url":"https:\/\/saunaboat-geneve.ch\/fr\/ca-y-est-le-premier-sauna-bateau-sur-le-lac-leman\/","name":"\u00c7a y est ! Le premier sauna-bateau sur le lac L\u00e9man. - Saunaboats Geneve","isPartOf":{"@id":"https:\/\/saunaboat-geneve.ch\/fr\/#website"},"primaryImageOfPage":{"@id":"https:\/\/saunaboat-geneve.ch\/fr\/ca-y-est-le-premier-sauna-bateau-sur-le-lac-leman\/#primaryimage"},"image":{"@id":"https:\/\/saunaboat-geneve.ch\/fr\/ca-y-est-le-premier-sauna-bateau-sur-le-lac-leman\/#primaryimage"},"thumbnailUrl":"https:\/\/saunaboat-geneve.ch\/wp-content\/uploads\/sites\/4\/2025\/01\/ueber-uns.avif","datePublished":"2025-02-14T15:04:35+00:00","dateModified":"2025-10-18T15:44:26+00:00","breadcrumb":{"@id":"https:\/\/saunaboat-geneve.ch\/fr\/ca-y-est-le-premier-sauna-bateau-sur-le-lac-leman\/#breadcrumb"},"inLanguage":"fr-FR","potentialAction":[{"@type":"ReadAction","target":["https:\/\/saunaboat-geneve.ch\/fr\/ca-y-est-le-premier-sauna-bateau-sur-le-lac-leman\/"]}]},{"@type":"ImageObject","inLanguage":"fr-FR","@id":"https:\/\/saunaboat-geneve.ch\/fr\/ca-y-est-le-premier-sauna-bateau-sur-le-lac-leman\/#primaryimage","url":"https:\/\/saunaboat-geneve.ch\/wp-content\/uploads\/sites\/4\/2025\/01\/ueber-uns.avif","contentUrl":"https:\/\/saunaboat-geneve.ch\/wp-content\/uploads\/sites\/4\/2025\/01\/ueber-uns.avif","width":1707,"height":2560},{"@type":"BreadcrumbList","@id":"https:\/\/saunaboat-geneve.ch\/fr\/ca-y-est-le-premier-sauna-bateau-sur-le-lac-leman\/#breadcrumb","itemListElement":[{"@type":"ListItem","position":1,"name":"Startseite","item":"https:\/\/saunaboat-geneve.ch\/fr\/reserver\/"},{"@type":"ListItem","position":2,"name":"\u00c7a y est ! Le premier sauna-bateau sur le lac L\u00e9man."}]},{"@type":"WebSite","@id":"https:\/\/saunaboat-geneve.ch\/fr\/#website","url":"https:\/\/saunaboat-geneve.ch\/fr\/","name":"Saunaboat Geneve","description":"Bateau sauna sur le lac de Gen\u00e8ve","publisher":{"@id":"https:\/\/saunaboat-geneve.ch\/fr\/#organization"},"potentialAction":[{"@type":"SearchAction","target":{"@type":"EntryPoint","urlTemplate":"https:\/\/saunaboat-geneve.ch\/fr\/?s={search_term_string}"},"query-input":{"@type":"PropertyValueSpecification","valueRequired":true,"valueName":"search_term_string"}}],"inLanguage":"fr-FR"},{"@type":"Organization","@id":"https:\/\/saunaboat-geneve.ch\/fr\/#organization","name":"Saunaboat Geneve","url":"https:\/\/saunaboat-geneve.ch\/fr\/","logo":{"@type":"ImageObject","inLanguage":"fr-FR","@id":"https:\/\/saunaboat-geneve.ch\/fr\/#\/schema\/logo\/image\/","url":"https:\/\/saunaboat-geneve.ch\/wp-content\/uploads\/sites\/4\/2025\/10\/SaunaBoatGeneve-Logo-Blue.svg","contentUrl":"https:\/\/saunaboat-geneve.ch\/wp-content\/uploads\/sites\/4\/2025\/10\/SaunaBoatGeneve-Logo-Blue.svg","width":341,"height":305,"caption":"Saunaboat Geneve"},"image":{"@id":"https:\/\/saunaboat-geneve.ch\/fr\/#\/schema\/logo\/image\/"},"sameAs":["https:\/\/www.instagram.com\/saunaboatgeneve\/"]},{"@type":"Person","@id":"https:\/\/saunaboat-geneve.ch\/fr\/#\/schema\/person\/4ecce85396ee02f43d5a2b28fb4f9094","name":"p1xel","image":{"@type":"ImageObject","inLanguage":"fr-FR","@id":"https:\/\/secure.gravatar.com\/avatar\/e2c797df5b933876508ff863a3e7ab94e5f5daa18be2f2bca567c6c9845d6150?s=96&d=mm&r=g","url":"https:\/\/secure.gravatar.com\/avatar\/e2c797df5b933876508ff863a3e7ab94e5f5daa18be2f2bca567c6c9845d6150?s=96&d=mm&r=g","contentUrl":"https:\/\/secure.gravatar.com\/avatar\/e2c797df5b933876508ff863a3e7ab94e5f5daa18be2f2bca567c6c9845d6150?s=96&d=mm&r=g","caption":"p1xel"},"sameAs":["https:\/\/network.saunaboot.ch"]}]}},"_links":{"self":[{"href":"https:\/\/saunaboat-geneve.ch\/fr\/wp-json\/wp\/v2\/posts\/1737","targetHints":{"allow":["GET"]}}],"collection":[{"href":"https:\/\/saunaboat-geneve.ch\/fr\/wp-json\/wp\/v2\/posts"}],"about":[{"href":"https:\/\/saunaboat-geneve.ch\/fr\/wp-json\/wp\/v2\/types\/post"}],"author":[{"embeddable":true,"href":"https:\/\/saunaboat-geneve.ch\/fr\/wp-json\/wp\/v2\/users\/1"}],"replies":[{"embeddable":true,"href":"https:\/\/saunaboat-geneve.ch\/fr\/wp-json\/wp\/v2\/comments?post=1737"}],"version-history":[{"count":3,"href":"https:\/\/saunaboat-geneve.ch\/fr\/wp-json\/wp\/v2\/posts\/1737\/revisions"}],"predecessor-version":[{"id":5603,"href":"https:\/\/saunaboat-geneve.ch\/fr\/wp-json\/wp\/v2\/posts\/1737\/revisions\/5603"}],"wp:featuredmedia":[{"embeddable":true,"href":"https:\/\/saunaboat-geneve.ch\/fr\/wp-json\/wp\/v2\/media\/1310"}],"wp:attachment":[{"href":"https:\/\/saunaboat-geneve.ch\/fr\/wp-json\/wp\/v2\/media?parent=1737"}],"wp:term":[{"taxonomy":"category","embeddable":true,"href":"https:\/\/saunaboat-geneve.ch\/fr\/wp-json\/wp\/v2\/categories?post=1737"},{"taxonomy":"post_tag","embeddable":true,"href":"https:\/\/saunaboat-geneve.ch\/fr\/wp-json\/wp\/v2\/tags?post=1737"}],"curies":[{"name":"wp","href":"https:\/\/api.w.org\/{rel}","templated":true}]}}